{"id":402,"date":"2026-04-15T09:48:11","date_gmt":"2026-04-15T09:48:11","guid":{"rendered":"https:\/\/uodi.uw.edu.pl\/?p=402"},"modified":"2026-05-28T09:21:43","modified_gmt":"2026-05-28T09:21:43","slug":"za-nami-konferencja-podejscie-srodowiskowe-w-dzialaniach-pomocowych","status":"publish","type":"post","link":"https:\/\/uodi.uw.edu.pl\/index.php\/2026\/04\/15\/za-nami-konferencja-podejscie-srodowiskowe-w-dzialaniach-pomocowych\/","title":{"rendered":"Za nami konferencja \u201ePodej\u015bcie \u015brodowiskowe w dzia\u0142aniach pomocowych\u201d"},"content":{"rendered":"\n<figure class=\"wp-block-image size-large\"><img loading=\"lazy\" decoding=\"async\" width=\"1024\" height=\"628\" src=\"https:\/\/uodi.uw.edu.pl\/wp-content\/uploads\/2026\/04\/Zrzut-ekranu-2026-04-13-143400-1024x628.png\" alt=\"\" class=\"wp-image-403\" srcset=\"https:\/\/uodi.uw.edu.pl\/wp-content\/uploads\/2026\/04\/Zrzut-ekranu-2026-04-13-143400-1024x628.png 1024w, https:\/\/uodi.uw.edu.pl\/wp-content\/uploads\/2026\/04\/Zrzut-ekranu-2026-04-13-143400-300x184.png 300w, https:\/\/uodi.uw.edu.pl\/wp-content\/uploads\/2026\/04\/Zrzut-ekranu-2026-04-13-143400-768x471.png 768w, https:\/\/uodi.uw.edu.pl\/wp-content\/uploads\/2026\/04\/Zrzut-ekranu-2026-04-13-143400.png 1434w\" sizes=\"auto, (max-width: 1024px) 100vw, 1024px\" \/><\/figure>\n\n\n\n<p>3 kwietnia 2026 r. odby\u0142a si\u0119 konferencja pt. \u201ePodej\u015bcie \u015brodowiskowe w dzia\u0142aniach pomocowych\u201d, zorganizowana przez Uniwersyteckie Obserwatorium Dezinstytucjonalizacji Praktyk Pomocowych, tworzone przez Wydzia\u0142 Stosowanych Nauk Spo\u0142ecznych i Resocjalizacji UW, Centrum Europejskie UW i Instytut Spraw Spo\u0142ecznych UW.<\/p>\n\n\n\n<p>Wydarzenie, kt\u00f3re odby\u0142o si\u0119 w formule online, cieszy\u0142o si\u0119 z bardzo du\u017cym zainteresowaniem \u2013 zgromadzi\u0142o ponad 300 badaczy i praktyk\u00f3w z ca\u0142ej Polski, na co dzie\u0144 zaanga\u017cowanych w dzia\u0142ania pomocowe.<\/p>\n\n\n\n<p>Konferencja sta\u0142a si\u0119 przestrzeni\u0105 do pog\u0142\u0119bionej refleksji nad wsp\u00f3\u0142czesnymi modelami wsparcia spo\u0142ecznego, akcentuj\u0105cymi znaczenie \u015brodowiska lokalnego oraz wzmacnianie podmiotowo\u015bci os\u00f3b korzystaj\u0105cych z pomocy. Poruszono tak\u017ce kwestie rozwoju metod badawczych w ramach stosowanych nauk spo\u0142ecznych.<\/p>\n\n\n\n<p>Szczeg\u00f3lnie warto\u015bciowa okaza\u0142a si\u0119 wymiana do\u015bwiadcze\u0144 mi\u0119dzy przedstawicielami \u015bwiata akademickiego a praktykami sektora us\u0142ug spo\u0142ecznych, co po raz kolejny potwierdzi\u0142o znaczenie synergii teorii i praktyki.<\/p>\n\n\n\n<p>Dla os\u00f3b, kt\u00f3re nie mog\u0142y uczestniczy\u0107 w wydarzeniu na \u017cywo, przygotowywane jest nagranie z ca\u0142o\u015bci obrad, kt\u00f3re wkr\u00f3tce zostanie udost\u0119pnione na stronie internetowej Obserwatorium.<\/p>\n\n\n\n<p>Serdecznie dzi\u0119kujemy wszystkim prelegentom oraz uczestnikom za inspiruj\u0105ce wyst\u0105pienia i aktywny udzia\u0142 w dyskusji.<\/p>\n\n\n\n<p><a href=\"https:\/\/uodi.uw.edu.pl\/index.php\/konferencja-2026\/\" data-type=\"page\" data-id=\"368\">Nagrania dost\u0119pne s\u0105 tutaj.<\/a><\/p>\n\n\n\n<p><\/p>\n","protected":false},"excerpt":{"rendered":"<p>3 kwietnia 2026 r. odby\u0142a si\u0119 konferencja pt. \u201ePodej\u015bcie \u015brodowiskowe w dzia\u0142aniach pomocowych\u201d, zorganizowana przez Uniwersyteckie Obserwatorium Dezinstytucjonalizacji Praktyk Pomocowych, tworzone przez Wydzia\u0142 Stosowanych Nauk Spo\u0142ecznych i Resocjalizacji UW, Centrum Europejskie UW i Instytut Spraw Spo\u0142ecznych UW. Wydarzenie, kt\u00f3re odby\u0142o si\u0119 w formule online, cieszy\u0142o si\u0119 z bardzo du\u017cym zainteresowaniem \u2013 zgromadzi\u0142o ponad 300 badaczy &#8230; <a title=\"Za nami konferencja \u201ePodej\u015bcie \u015brodowiskowe w dzia\u0142aniach pomocowych\u201d\" class=\"read-more\" href=\"https:\/\/uodi.uw.edu.pl\/index.php\/2026\/04\/15\/za-nami-konferencja-podejscie-srodowiskowe-w-dzialaniach-pomocowych\/\" aria-label=\"Dowiedz si\u0119 wi\u0119cej o Za nami konferencja \u201ePodej\u015bcie \u015brodowiskowe w dzia\u0142aniach pomocowych\u201d\">Czytaj dalej<\/a><\/p>\n","protected":false},"author":1,"featured_media":0,"comment_status":"open","ping_status":"open","sticky":false,"template":"","format":"standard","meta":{"footnotes":""},"categories":[8],"tags":[],"class_list":["post-402","post","type-post","status-publish","format-standard","hentry","category-konferencje"],"_links":{"self":[{"href":"https:\/\/uodi.uw.edu.pl\/index.php\/wp-json\/wp\/v2\/posts\/402","targetHints":{"allow":["GET"]}}],"collection":[{"href":"https:\/\/uodi.uw.edu.pl\/index.php\/wp-json\/wp\/v2\/posts"}],"about":[{"href":"https:\/\/uodi.uw.edu.pl\/index.php\/wp-json\/wp\/v2\/types\/post"}],"author":[{"embeddable":true,"href":"https:\/\/uodi.uw.edu.pl\/index.php\/wp-json\/wp\/v2\/users\/1"}],"replies":[{"embeddable":true,"href":"https:\/\/uodi.uw.edu.pl\/index.php\/wp-json\/wp\/v2\/comments?post=402"}],"version-history":[{"count":3,"href":"https:\/\/uodi.uw.edu.pl\/index.php\/wp-json\/wp\/v2\/posts\/402\/revisions"}],"predecessor-version":[{"id":412,"href":"https:\/\/uodi.uw.edu.pl\/index.php\/wp-json\/wp\/v2\/posts\/402\/revisions\/412"}],"wp:attachment":[{"href":"https:\/\/uodi.uw.edu.pl\/index.php\/wp-json\/wp\/v2\/media?parent=402"}],"wp:term":[{"taxonomy":"category","embeddable":true,"href":"https:\/\/uodi.uw.edu.pl\/index.php\/wp-json\/wp\/v2\/categories?post=402"},{"taxonomy":"post_tag","embeddable":true,"href":"https:\/\/uodi.uw.edu.pl\/index.php\/wp-json\/wp\/v2\/tags?post=402"}],"curies":[{"name":"wp","href":"https:\/\/api.w.org\/{rel}","templated":true}]}}