{"id":299,"date":"2024-02-27T13:08:21","date_gmt":"2024-02-27T13:08:21","guid":{"rendered":"https:\/\/uodi.uw.edu.pl\/?p=299"},"modified":"2025-10-29T09:38:05","modified_gmt":"2025-10-29T09:38:05","slug":"seminarium-online-pracownik-humanitarny-ksztalcenie-profesjonalizacja-perspektywy-7-03-2024","status":"publish","type":"post","link":"https:\/\/uodi.uw.edu.pl\/index.php\/2024\/02\/27\/seminarium-online-pracownik-humanitarny-ksztalcenie-profesjonalizacja-perspektywy-7-03-2024\/","title":{"rendered":"Seminarium online \u00a0\u201ePracownik humanitarny \u2013 kszta\u0142cenie, profesjonalizacja, perspektywy\u201d 7.03.2024"},"content":{"rendered":"\n<p>Zapraszamy na seminarium online pt. \u201ePracownik humanitarny \u2013 kszta\u0142cenie, profesjonalizacja, perspektywy\u201d organizowane w ramach cyklu &#8222;Polityki publiczne w perspektywie socjologicznej\u201d.<\/p>\n\n\n\n<p><strong>Program seminarium:<\/strong><\/p>\n\n\n\n<ul class=\"wp-block-list\">\n<li>Dr Szymon W\u00f3jcik, WSNSiR UW &#8211; <em>Pracownik humanitarny w procesie profesjonalizacji<\/em><\/li>\n\n\n\n<li>Kamila Wujec, Regional Center Lead, Save the Children International &#8211;  <em>Praca w sektorze humanitarnym\u2013 \u015bcie\u017cka kariery, kompetencje, prawdy i mity<\/em><\/li>\n\n\n\n<li>Beata Doli\u0144ska, Global Head of Programmes, Polska Akcja Humanitarna- P<em>racownik humanitarny \u2013 obszary dzia\u0142a\u0144, wyzwania, przysz\u0142o\u015b\u0107 <\/em><\/li>\n\n\n\n<li>Dr El\u017cbieta Mikos-Skuza, WPiA UW &#8211; <em>Studia Podyplomowe Pomocy Humanitarnej na Uniwersytecie Warszawskim -charakterystyka, do\u015bwiadczenia i wnioski<\/em><\/li>\n<\/ul>\n\n\n\n<p>Zapraszamy do uczestnictwa w czwartek 7 marca 2024 w godz. 15.00-17.00 w formule zdalnej poprzez platform\u0119 ZOOM; rejestracja pod linkiem <a href=\"https:\/\/forms.office.com\/e\/fe4iwNaSKt\">https:\/\/forms.office.com\/e\/fe4iwNaSKt<\/a><br><\/p>\n","protected":false},"excerpt":{"rendered":"<p>Zapraszamy na seminarium online pt. \u201ePracownik humanitarny \u2013 kszta\u0142cenie, profesjonalizacja, perspektywy\u201d organizowane w ramach cyklu &#8222;Polityki publiczne w perspektywie socjologicznej\u201d. Program seminarium: Zapraszamy do uczestnictwa w czwartek 7 marca 2024 w godz. 15.00-17.00 w formule zdalnej poprzez platform\u0119 ZOOM; rejestracja pod linkiem https:\/\/forms.office.com\/e\/fe4iwNaSKt<\/p>\n","protected":false},"author":1,"featured_media":0,"comment_status":"open","ping_status":"open","sticky":false,"template":"","format":"standard","meta":{"footnotes":""},"categories":[9],"tags":[],"class_list":["post-299","post","type-post","status-publish","format-standard","hentry","category-seminaria"],"_links":{"self":[{"href":"https:\/\/uodi.uw.edu.pl\/index.php\/wp-json\/wp\/v2\/posts\/299","targetHints":{"allow":["GET"]}}],"collection":[{"href":"https:\/\/uodi.uw.edu.pl\/index.php\/wp-json\/wp\/v2\/posts"}],"about":[{"href":"https:\/\/uodi.uw.edu.pl\/index.php\/wp-json\/wp\/v2\/types\/post"}],"author":[{"embeddable":true,"href":"https:\/\/uodi.uw.edu.pl\/index.php\/wp-json\/wp\/v2\/users\/1"}],"replies":[{"embeddable":true,"href":"https:\/\/uodi.uw.edu.pl\/index.php\/wp-json\/wp\/v2\/comments?post=299"}],"version-history":[{"count":1,"href":"https:\/\/uodi.uw.edu.pl\/index.php\/wp-json\/wp\/v2\/posts\/299\/revisions"}],"predecessor-version":[{"id":300,"href":"https:\/\/uodi.uw.edu.pl\/index.php\/wp-json\/wp\/v2\/posts\/299\/revisions\/300"}],"wp:attachment":[{"href":"https:\/\/uodi.uw.edu.pl\/index.php\/wp-json\/wp\/v2\/media?parent=299"}],"wp:term":[{"taxonomy":"category","embeddable":true,"href":"https:\/\/uodi.uw.edu.pl\/index.php\/wp-json\/wp\/v2\/categories?post=299"},{"taxonomy":"post_tag","embeddable":true,"href":"https:\/\/uodi.uw.edu.pl\/index.php\/wp-json\/wp\/v2\/tags?post=299"}],"curies":[{"name":"wp","href":"https:\/\/api.w.org\/{rel}","templated":true}]}}