{"id":253,"date":"2023-12-04T08:39:09","date_gmt":"2023-12-04T08:39:09","guid":{"rendered":"https:\/\/uodi.uw.edu.pl\/?p=253"},"modified":"2023-12-04T08:39:09","modified_gmt":"2023-12-04T08:39:09","slug":"seminarium-integracja-dzieci-ukrainskich-uchodzcow-w-polsce-5-grudnia-2023-r","status":"publish","type":"post","link":"https:\/\/uodi.uw.edu.pl\/index.php\/2023\/12\/04\/seminarium-integracja-dzieci-ukrainskich-uchodzcow-w-polsce-5-grudnia-2023-r\/","title":{"rendered":"Seminarium \u201eIntegracja dzieci ukrai\u0144skich uchod\u017ac\u00f3w w\u00a0Polsce\u201d &#8211; 5 grudnia 2023\u00a0r."},"content":{"rendered":"\n<p>Centrum Europejskie UW\u00a0zaprasza na\u00a0<strong>seminarium<\/strong> \u201e<strong>Integracja dzieci ukrai\u0144skich uchod\u017ac\u00f3w w\u00a0Polsce\u201d<\/strong> <strong>w\u00a0dniu<\/strong> <strong>5 grudnia 2023\u00a0r. (wtorek) w\u00a0godzinach 10.00-14.00<\/strong> w\u00a0nowym gmachu Biblioteki Uniwersytetu Warszawskiego (BUW) przy ul.\u00a0Dobrej 56\/66 w\u00a0sali 256.<\/p>\n\n\n\n<p>Inicjatywa zosta\u0142a przygotowana w&nbsp;ramach Uniwersyteckiego Obserwatorium Deinstytucjonalizacji Praktyk Pomocowych (UODI), wieloletniego programu analityczno-badawczego monitoruj\u0105cego&nbsp; rozw\u00f3j i&nbsp;profesjonalizacj\u0119 praktyk pomocowych w&nbsp;Polsce. Uwzgl\u0119dnienia agend\u0119 Unii Europejskiej (UE) w&nbsp;zakresie niepe\u0142nosprawno\u015bci, program\u00f3w senioralnych, bezdomno\u015bci, zdrowia psychicznego, pieczy zast\u0119pczej, leczenia uzale\u017cnie\u0144, wsparcia dla uchod\u017ac\u00f3w i&nbsp;migrant\u00f3w, a&nbsp;tak\u017ce polityk miejskich oraz&nbsp;obserwacji dzia\u0142a\u0144 programowych i&nbsp;legislacyjnych dotycz\u0105cych polityki deinstytucjonalizacji prowadzonych przez&nbsp;organy UE.<\/p>\n\n\n\n<p><a href=\"https:\/\/www.ce.uw.edu.pl\/seminarium-integracja-dzieci-ukrainskich-uchodzcow-w-polsce\/\">Wi\u0119cej informacji dost\u0119pne tutaj<\/a><\/p>\n\n\n\n<figure class=\"wp-block-image size-large\"><img loading=\"lazy\" decoding=\"async\" width=\"1024\" height=\"577\" src=\"https:\/\/uodi.uw.edu.pl\/wp-content\/uploads\/2023\/12\/seminarium_integracja_5.12-1024x577.png\" alt=\"\" class=\"wp-image-255\" srcset=\"https:\/\/uodi.uw.edu.pl\/wp-content\/uploads\/2023\/12\/seminarium_integracja_5.12-1024x577.png 1024w, https:\/\/uodi.uw.edu.pl\/wp-content\/uploads\/2023\/12\/seminarium_integracja_5.12-300x169.png 300w, https:\/\/uodi.uw.edu.pl\/wp-content\/uploads\/2023\/12\/seminarium_integracja_5.12-768x433.png 768w, https:\/\/uodi.uw.edu.pl\/wp-content\/uploads\/2023\/12\/seminarium_integracja_5.12-1536x865.png 1536w, https:\/\/uodi.uw.edu.pl\/wp-content\/uploads\/2023\/12\/seminarium_integracja_5.12.png 1640w\" sizes=\"auto, (max-width: 1024px) 100vw, 1024px\" \/><\/figure>\n","protected":false},"excerpt":{"rendered":"<p>Centrum Europejskie UW\u00a0zaprasza na\u00a0seminarium \u201eIntegracja dzieci ukrai\u0144skich uchod\u017ac\u00f3w w\u00a0Polsce\u201d w\u00a0dniu 5 grudnia 2023\u00a0r. (wtorek) w\u00a0godzinach 10.00-14.00 w\u00a0nowym gmachu Biblioteki Uniwersytetu Warszawskiego (BUW) przy ul.\u00a0Dobrej 56\/66 w\u00a0sali 256. Inicjatywa zosta\u0142a przygotowana w&nbsp;ramach Uniwersyteckiego Obserwatorium Deinstytucjonalizacji Praktyk Pomocowych (UODI), wieloletniego programu analityczno-badawczego monitoruj\u0105cego&nbsp; rozw\u00f3j i&nbsp;profesjonalizacj\u0119 praktyk pomocowych w&nbsp;Polsce. Uwzgl\u0119dnienia agend\u0119 Unii Europejskiej (UE) w&nbsp;zakresie niepe\u0142nosprawno\u015bci, program\u00f3w senioralnych, &#8230; <a title=\"Seminarium \u201eIntegracja dzieci ukrai\u0144skich uchod\u017ac\u00f3w w\u00a0Polsce\u201d &#8211; 5 grudnia 2023\u00a0r.\" class=\"read-more\" href=\"https:\/\/uodi.uw.edu.pl\/index.php\/2023\/12\/04\/seminarium-integracja-dzieci-ukrainskich-uchodzcow-w-polsce-5-grudnia-2023-r\/\" aria-label=\"Dowiedz si\u0119 wi\u0119cej o Seminarium \u201eIntegracja dzieci ukrai\u0144skich uchod\u017ac\u00f3w w\u00a0Polsce\u201d &#8211; 5 grudnia 2023\u00a0r.\">Czytaj dalej<\/a><\/p>\n","protected":false},"author":1,"featured_media":0,"comment_status":"open","ping_status":"open","sticky":false,"template":"","format":"standard","meta":{"footnotes":""},"categories":[1],"tags":[],"class_list":["post-253","post","type-post","status-publish","format-standard","hentry","category-uncategorized"],"_links":{"self":[{"href":"https:\/\/uodi.uw.edu.pl\/index.php\/wp-json\/wp\/v2\/posts\/253","targetHints":{"allow":["GET"]}}],"collection":[{"href":"https:\/\/uodi.uw.edu.pl\/index.php\/wp-json\/wp\/v2\/posts"}],"about":[{"href":"https:\/\/uodi.uw.edu.pl\/index.php\/wp-json\/wp\/v2\/types\/post"}],"author":[{"embeddable":true,"href":"https:\/\/uodi.uw.edu.pl\/index.php\/wp-json\/wp\/v2\/users\/1"}],"replies":[{"embeddable":true,"href":"https:\/\/uodi.uw.edu.pl\/index.php\/wp-json\/wp\/v2\/comments?post=253"}],"version-history":[{"count":2,"href":"https:\/\/uodi.uw.edu.pl\/index.php\/wp-json\/wp\/v2\/posts\/253\/revisions"}],"predecessor-version":[{"id":256,"href":"https:\/\/uodi.uw.edu.pl\/index.php\/wp-json\/wp\/v2\/posts\/253\/revisions\/256"}],"wp:attachment":[{"href":"https:\/\/uodi.uw.edu.pl\/index.php\/wp-json\/wp\/v2\/media?parent=253"}],"wp:term":[{"taxonomy":"category","embeddable":true,"href":"https:\/\/uodi.uw.edu.pl\/index.php\/wp-json\/wp\/v2\/categories?post=253"},{"taxonomy":"post_tag","embeddable":true,"href":"https:\/\/uodi.uw.edu.pl\/index.php\/wp-json\/wp\/v2\/tags?post=253"}],"curies":[{"name":"wp","href":"https:\/\/api.w.org\/{rel}","templated":true}]}}